{"id":2311,"date":"2017-01-17T08:01:57","date_gmt":"2017-01-17T08:01:57","guid":{"rendered":"http:\/\/sascharossier.com\/?p=2311"},"modified":"2017-08-20T10:04:07","modified_gmt":"2017-08-20T10:04:07","slug":"busfahrer-die-heimlichen-helden","status":"publish","type":"post","link":"https:\/\/sascharossier.com\/wordpress\/?p=2311","title":{"rendered":"Busfahrer, die heimlichen Helden"},"content":{"rendered":"<p>Zum Gl\u00fcck haben die meisten BusfahrerInnen auf den Buslinien im Kanton Z\u00fcrich nicht so ein gef\u00e4hrliches Leben wie Keanu Reeves und Sandra Bullock im Hollywood-Klassiker \u00abSpeed\u00bb. Aber so richtig chillig ist das Leben als Bus-Chauffeur oder &#8211; Chauffeuse auf Z\u00fcrichs Strassen auch nicht.<\/p>\n<p><a href=\"https:\/\/sascharossier.com\/wordpress\/wp-content\/uploads\/2017\/04\/Keanu-Reeves-Sandra-Bullock_Speed_02O.jpg\"><img loading=\"lazy\" decoding=\"async\" class=\"alignleft size-medium wp-image-2312\" alt=\"Keanu-Reeves-Sandra-Bullock_Speed_02O\" src=\"https:\/\/sascharossier.com\/wordpress\/wp-content\/uploads\/2017\/04\/Keanu-Reeves-Sandra-Bullock_Speed_02O-580x391.jpg\" width=\"580\" height=\"391\" srcset=\"https:\/\/sascharossier.com\/wordpress\/wp-content\/uploads\/2017\/04\/Keanu-Reeves-Sandra-Bullock_Speed_02O-580x391.jpg 580w, https:\/\/sascharossier.com\/wordpress\/wp-content\/uploads\/2017\/04\/Keanu-Reeves-Sandra-Bullock_Speed_02O-150x101.jpg 150w, https:\/\/sascharossier.com\/wordpress\/wp-content\/uploads\/2017\/04\/Keanu-Reeves-Sandra-Bullock_Speed_02O-1024x691.jpg 1024w, https:\/\/sascharossier.com\/wordpress\/wp-content\/uploads\/2017\/04\/Keanu-Reeves-Sandra-Bullock_Speed_02O-350x236.jpg 350w, https:\/\/sascharossier.com\/wordpress\/wp-content\/uploads\/2017\/04\/Keanu-Reeves-Sandra-Bullock_Speed_02O-460x310.jpg 460w, https:\/\/sascharossier.com\/wordpress\/wp-content\/uploads\/2017\/04\/Keanu-Reeves-Sandra-Bullock_Speed_02O-770x519.jpg 770w, https:\/\/sascharossier.com\/wordpress\/wp-content\/uploads\/2017\/04\/Keanu-Reeves-Sandra-Bullock_Speed_02O.jpg 1200w\" sizes=\"auto, (max-width: 580px) 100vw, 580px\" \/><\/a><\/p>\n<p>Die Verkehrsbetriebe des Z\u00fcrcher Oberlands VZO haben darum beschlossen f\u00fcr ihren internen TV-Kanal eine kleine Serie in Auftrag zu geben um die Arbeit Ihrer MitarbeiterInnen vor allem der BusfahrerInnen zu feiern. Wertsch\u00e4tzung. So wie das etwa Google oder Facebook mit ihren Mitarbeitern macht.<\/p>\n<p>Mal ehrlich: H\u00e4ttest Du gedacht dass, 1. Die VZO einen internen TV-Stream betreibt und 2. Geld in eine Aktion investiert, die einzig und allein darauf ausgerichtet ist, dass sich die Mitarbeiter wohler f\u00fchlen?<br \/>\nZiemlich fortschrittlich, Respekt. Aber ich schweife ab &#8230;<\/p>\n<p>Die 8-teilige Guerilla-Webserie wurde vom Schauspielerinnen-Duo <a href=\"https:\/\/www.wernerbreitestei.ch\/\" target=\"_blank\">WernerBreitestei<\/a> zusammen mit Drehbuchautorin Franziska Henner entworfen und auch gleich selber mit ihren Handys gedreht.<br \/>\n<a href=\"https:\/\/sascharossier.com\/wordpress\/wp-content\/uploads\/2017\/04\/wernerbreitestei.jpg\"><img loading=\"lazy\" decoding=\"async\" class=\"alignleft size-medium wp-image-2313\" alt=\"wernerbreitestei\" src=\"https:\/\/sascharossier.com\/wordpress\/wp-content\/uploads\/2017\/04\/wernerbreitestei-580x371.jpg\" width=\"580\" height=\"371\" srcset=\"https:\/\/sascharossier.com\/wordpress\/wp-content\/uploads\/2017\/04\/wernerbreitestei-580x371.jpg 580w, https:\/\/sascharossier.com\/wordpress\/wp-content\/uploads\/2017\/04\/wernerbreitestei-150x96.jpg 150w, https:\/\/sascharossier.com\/wordpress\/wp-content\/uploads\/2017\/04\/wernerbreitestei-1024x656.jpg 1024w, https:\/\/sascharossier.com\/wordpress\/wp-content\/uploads\/2017\/04\/wernerbreitestei-350x224.jpg 350w, https:\/\/sascharossier.com\/wordpress\/wp-content\/uploads\/2017\/04\/wernerbreitestei-460x294.jpg 460w, https:\/\/sascharossier.com\/wordpress\/wp-content\/uploads\/2017\/04\/wernerbreitestei-770x493.jpg 770w, https:\/\/sascharossier.com\/wordpress\/wp-content\/uploads\/2017\/04\/wernerbreitestei.jpg 1245w\" sizes=\"auto, (max-width: 580px) 100vw, 580px\" \/><\/a><\/p>\n<p>Ich wurde dabei f\u00fcr die PostProduction ins Boot geholt. Ausserdem werfe ich immer mal wieder ein paar inhaltliche Ideen mit ein und machte die M\u00e4dels als technischer Berater\u00a0 fit f\u00fcr den Einsatz als 2-Frau-Video-Sefie-Truppe. Die Serie wird von Januar bis August ausgestrahlt, jeweils eine neue Folge pro Monat.<\/p>\n<p><iframe loading=\"lazy\" src=\"https:\/\/player.vimeo.com\/video\/192844422\" height=\"360\" width=\"640\" allowfullscreen=\"\" frameborder=\"0\"><\/iframe><\/p>\n<p><iframe loading=\"lazy\" src=\"https:\/\/player.vimeo.com\/video\/192840664\" height=\"360\" width=\"640\" allowfullscreen=\"\" frameborder=\"0\"><\/iframe><\/p>\n<p><iframe loading=\"lazy\" src=\"https:\/\/player.vimeo.com\/video\/205795432\" height=\"360\" width=\"640\" allowfullscreen=\"\" frameborder=\"0\"><\/iframe><\/p>\n<p><iframe loading=\"lazy\" src=\"https:\/\/player.vimeo.com\/video\/212890319\" height=\"360\" width=\"640\" allowfullscreen=\"\" frameborder=\"0\"><\/iframe><\/p>\n<p><iframe loading=\"lazy\" src=\"https:\/\/player.vimeo.com\/video\/218690643\" height=\"360\" width=\"640\" allowfullscreen=\"\" frameborder=\"0\"><\/iframe><\/p>\n<p><iframe loading=\"lazy\" src=\"https:\/\/player.vimeo.com\/video\/222031021\" height=\"360\" width=\"640\" allowfullscreen=\"\" frameborder=\"0\"><\/iframe><\/p>\n<p><iframe loading=\"lazy\" src=\"https:\/\/player.vimeo.com\/video\/225437793\" height=\"360\" width=\"640\" allowfullscreen=\"\" frameborder=\"0\"><\/iframe><\/p>\n<p><iframe loading=\"lazy\" src=\"https:\/\/player.vimeo.com\/video\/230296335\" height=\"360\" width=\"640\" allowfullscreen=\"\" frameborder=\"0\"><\/iframe><\/p>\n","protected":false},"excerpt":{"rendered":"<p>Zum Gl\u00fcck haben die meisten BusfahrerInnen auf den Buslinien im Kanton Z\u00fcrich nicht so ein gef\u00e4hrliches Leben wie Keanu Reeves und Sandra Bullock im Hollywood-Klassiker \u00abSpeed\u00bb. Aber so richtig chillig ist das Leben als Bus-Chauffeur oder &#8211; Chauffeuse auf Z\u00fcrichs Strassen auch nicht. Die Verkehrsbetriebe des Z\u00fcrcher Oberlands VZO haben darum beschlossen f\u00fcr ihren internen [&hellip;]<\/p>\n","protected":false},"author":1,"featured_media":2466,"comment_status":"open","ping_status":"closed","sticky":false,"template":"","format":"standard","meta":{"footnotes":""},"categories":[13],"tags":[],"class_list":["post-2311","post","type-post","status-publish","format-standard","has-post-thumbnail","hentry","category-vfxfilm"],"_links":{"self":[{"href":"https:\/\/sascharossier.com\/wordpress\/index.php?rest_route=\/wp\/v2\/posts\/2311","targetHints":{"allow":["GET"]}}],"collection":[{"href":"https:\/\/sascharossier.com\/wordpress\/index.php?rest_route=\/wp\/v2\/posts"}],"about":[{"href":"https:\/\/sascharossier.com\/wordpress\/index.php?rest_route=\/wp\/v2\/types\/post"}],"author":[{"embeddable":true,"href":"https:\/\/sascharossier.com\/wordpress\/index.php?rest_route=\/wp\/v2\/users\/1"}],"replies":[{"embeddable":true,"href":"https:\/\/sascharossier.com\/wordpress\/index.php?rest_route=%2Fwp%2Fv2%2Fcomments&post=2311"}],"version-history":[{"count":7,"href":"https:\/\/sascharossier.com\/wordpress\/index.php?rest_route=\/wp\/v2\/posts\/2311\/revisions"}],"predecessor-version":[{"id":2482,"href":"https:\/\/sascharossier.com\/wordpress\/index.php?rest_route=\/wp\/v2\/posts\/2311\/revisions\/2482"}],"wp:featuredmedia":[{"embeddable":true,"href":"https:\/\/sascharossier.com\/wordpress\/index.php?rest_route=\/wp\/v2\/media\/2466"}],"wp:attachment":[{"href":"https:\/\/sascharossier.com\/wordpress\/index.php?rest_route=%2Fwp%2Fv2%2Fmedia&parent=2311"}],"wp:term":[{"taxonomy":"category","embeddable":true,"href":"https:\/\/sascharossier.com\/wordpress\/index.php?rest_route=%2Fwp%2Fv2%2Fcategories&post=2311"},{"taxonomy":"post_tag","embeddable":true,"href":"https:\/\/sascharossier.com\/wordpress\/index.php?rest_route=%2Fwp%2Fv2%2Ftags&post=2311"}],"curies":[{"name":"wp","href":"https:\/\/api.w.org\/{rel}","templated":true}]}}